{"id":2243,"date":"2019-08-05T19:06:51","date_gmt":"2019-08-05T17:06:51","guid":{"rendered":"http:\/\/artguixe.com\/?p=2243"},"modified":"2019-08-05T19:07:17","modified_gmt":"2019-08-05T17:07:17","slug":"sobre-los-artistas-las-exposiciones-y-la-summer-exhibition","status":"publish","type":"post","link":"https:\/\/artguixe.com\/es\/sobre-los-artistas-las-exposiciones-y-la-summer-exhibition\/","title":{"rendered":"Sobre los artistas, las exposiciones y la Summer Exhibition"},"content":{"rendered":"<p><div class=\"fusion-fullwidth fullwidth-box fusion-builder-row-1 nonhundred-percent-fullwidth non-hundred-percent-height-scrolling\" style=\"--awb-border-radius-top-left:0px;--awb-border-radius-top-right:0px;--awb-border-radius-bottom-right:0px;--awb-border-radius-bottom-left:0px;--awb-flex-wrap:wrap;\" ><div class=\"fusion-builder-row fusion-row\"><div class=\"fusion-layout-column fusion_builder_column fusion-builder-column-0 fusion_builder_column_1_1 1_1 fusion-one-full fusion-column-first fusion-column-last\" style=\"--awb-bg-size:cover;--awb-margin-bottom:0px;\"><div class=\"fusion-column-wrapper fusion-flex-column-wrapper-legacy\"><div class=\"fusion-text fusion-text-1\"><\/div><div class=\"fusion-text fusion-text-2\"><p>Durante los meses de junio y julio las pinturas de Pepa Curriu exponen al Raw Space de Vero Beach en el marco del Summer Show que organiza Artconceptalternative. Esta exposici\u00f3n cierra el primer semestre del a\u00f1o a la espera de nuevas exposiciones en Pennsylvania y en Bilbao que est\u00e1n previstas para el oto\u00f1o.<\/p>\n<p>En el marco de las diferentes exposiciones realizadas desde que se inici\u00f3 la proyecci\u00f3n internacional de su obra, el artista catalana ha continuado creando y produciendo una obra pict\u00f3rica heterog\u00e9nea. No se trata tan s\u00f3lo de a\u00f1adir nuevas obras si no de expandir la creaci\u00f3n art\u00edstica, explorando continuamente nuevas t\u00e9cnicas, temas, colores, materiales &#8230; Expansi\u00f3n y evoluci\u00f3n de la creatividad que se plasma en la obra pict\u00f3rica que ha ido situ\u00e1ndose al panorama del Arte Contempor\u00e1neo internacional, d\u00e1ndose a conocer en el mundo de los amantes y coleccionistas de arte, as\u00ed como del resto de artistas a quienes se ha podido mostrar la obra.<\/p>\n<\/div><div class=\"fusion-clearfix\"><\/div><\/div><\/div><\/div><\/div><div class=\"fusion-fullwidth fullwidth-box fusion-builder-row-2 nonhundred-percent-fullwidth non-hundred-percent-height-scrolling fusion-equal-height-columns\" style=\"--awb-border-radius-top-left:0px;--awb-border-radius-top-right:0px;--awb-border-radius-bottom-right:0px;--awb-border-radius-bottom-left:0px;--awb-flex-wrap:wrap;\" ><div class=\"fusion-builder-row fusion-row\"><div class=\"fusion-layout-column fusion_builder_column fusion-builder-column-1 fusion_builder_column_1_2 1_2 fusion-one-half fusion-column-first\" style=\"--awb-padding-bottom:30px;--awb-bg-size:cover;width:50%;width:calc(50% - ( ( 4% ) * 0.5 ) );margin-right: 4%;\"><div class=\"fusion-column-wrapper fusion-flex-column-wrapper-legacy\"><div class=\"fusion-image-element fusion-image-align-center in-legacy-container\" style=\"text-align:center;--awb-caption-title-font-family:var(--h2_typography-font-family);--awb-caption-title-font-weight:var(--h2_typography-font-weight);--awb-caption-title-font-style:var(--h2_typography-font-style);--awb-caption-title-size:var(--h2_typography-font-size);--awb-caption-title-transform:var(--h2_typography-text-transform);--awb-caption-title-line-height:var(--h2_typography-line-height);--awb-caption-title-letter-spacing:var(--h2_typography-letter-spacing);\"><div class=\"imageframe-align-center\"><span class=\" fusion-imageframe imageframe-none imageframe-1 hover-type-none\"><img decoding=\"async\" width=\"400\" height=\"517\" title=\"summer collective2\" src=\"https:\/\/artguixe.com\/wp-content\/uploads\/2019\/08\/summer-collective2-400x517.jpg\" alt class=\"img-responsive wp-image-2225\" srcset=\"https:\/\/artguixe.com\/wp-content\/uploads\/2019\/08\/summer-collective2-200x259.jpg 200w, https:\/\/artguixe.com\/wp-content\/uploads\/2019\/08\/summer-collective2-400x517.jpg 400w, https:\/\/artguixe.com\/wp-content\/uploads\/2019\/08\/summer-collective2.jpg 495w\" sizes=\"(max-width: 800px) 100vw, 400px\" \/><\/span><\/div><\/div><div class=\"fusion-clearfix\"><\/div><\/div><\/div><div class=\"fusion-layout-column fusion_builder_column fusion-builder-column-2 fusion_builder_column_1_2 1_2 fusion-one-half fusion-column-last\" style=\"--awb-bg-size:cover;width:50%;width:calc(50% - ( ( 4% ) * 0.5 ) );\"><div class=\"fusion-column-wrapper fusion-flex-column-wrapper-legacy\"><div class=\"fusion-image-element fusion-image-align-center in-legacy-container\" style=\"text-align:center;--awb-caption-title-font-family:var(--h2_typography-font-family);--awb-caption-title-font-weight:var(--h2_typography-font-weight);--awb-caption-title-font-style:var(--h2_typography-font-style);--awb-caption-title-size:var(--h2_typography-font-size);--awb-caption-title-transform:var(--h2_typography-text-transform);--awb-caption-title-line-height:var(--h2_typography-line-height);--awb-caption-title-letter-spacing:var(--h2_typography-letter-spacing);\"><div class=\"imageframe-align-center\"><span class=\" fusion-imageframe imageframe-none imageframe-2 hover-type-none\"><img decoding=\"async\" width=\"400\" height=\"300\" title=\"Antonio Miralda i Montse Guill\u00e9n a Pintamiami\" src=\"https:\/\/artguixe.com\/wp-content\/uploads\/2019\/07\/miralda-400x300.jpg\" alt class=\"img-responsive wp-image-2217\" srcset=\"https:\/\/artguixe.com\/wp-content\/uploads\/2019\/07\/miralda-200x150.jpg 200w, https:\/\/artguixe.com\/wp-content\/uploads\/2019\/07\/miralda-400x300.jpg 400w, https:\/\/artguixe.com\/wp-content\/uploads\/2019\/07\/miralda-600x450.jpg 600w, https:\/\/artguixe.com\/wp-content\/uploads\/2019\/07\/miralda-800x600.jpg 800w, https:\/\/artguixe.com\/wp-content\/uploads\/2019\/07\/miralda-1200x900.jpg 1200w, https:\/\/artguixe.com\/wp-content\/uploads\/2019\/07\/miralda.jpg 1440w\" sizes=\"(max-width: 800px) 100vw, 1200px\" \/><\/span><\/div><\/div><div class=\"fusion-clearfix\"><\/div><\/div><\/div><\/div><\/div><\/p>\n","protected":false},"excerpt":{"rendered":"","protected":false},"author":3,"featured_media":0,"comment_status":"closed","ping_status":"open","sticky":false,"template":"","format":"standard","meta":{"footnotes":""},"categories":[38],"tags":[],"class_list":["post-2243","post","type-post","status-publish","format-standard","hentry","category-eventos"],"yoast_head":"<!-- This site is optimized with the Yoast SEO plugin v26.6 - https:\/\/yoast.com\/wordpress\/plugins\/seo\/ -->\n<title>Sobre los artistas, las exposiciones y la Summer Exhibition - Art Guixe Barcelona Representants d&#039;Art<\/title>\n<meta name=\"robots\" content=\"index, follow, max-snippet:-1, max-image-preview:large, max-video-preview:-1\" \/>\n<link rel=\"canonical\" href=\"https:\/\/artguixe.com\/es\/sobre-los-artistas-las-exposiciones-y-la-summer-exhibition\/\" \/>\n<meta property=\"og:locale\" content=\"es_ES\" \/>\n<meta property=\"og:type\" content=\"article\" \/>\n<meta property=\"og:title\" content=\"Sobre los artistas, las exposiciones y la Summer Exhibition - Art Guixe Barcelona Representants d&#039;Art\" \/>\n<meta property=\"og:url\" content=\"https:\/\/artguixe.com\/es\/sobre-los-artistas-las-exposiciones-y-la-summer-exhibition\/\" \/>\n<meta property=\"og:site_name\" content=\"Art Guixe Barcelona Representants d&#039;Art\" \/>\n<meta property=\"article:published_time\" content=\"2019-08-05T17:06:51+00:00\" \/>\n<meta property=\"article:modified_time\" content=\"2019-08-05T17:07:17+00:00\" \/>\n<meta name=\"author\" content=\"Anna\" \/>\n<meta name=\"twitter:card\" content=\"summary_large_image\" \/>\n<meta name=\"twitter:label1\" content=\"Escrito por\" \/>\n\t<meta name=\"twitter:data1\" content=\"Anna\" \/>\n\t<meta name=\"twitter:label2\" content=\"Tiempo de lectura\" \/>\n\t<meta name=\"twitter:data2\" content=\"3 minutos\" \/>\n<script type=\"application\/ld+json\" class=\"yoast-schema-graph\">{\"@context\":\"https:\/\/schema.org\",\"@graph\":[{\"@type\":\"Article\",\"@id\":\"https:\/\/artguixe.com\/es\/sobre-los-artistas-las-exposiciones-y-la-summer-exhibition\/#article\",\"isPartOf\":{\"@id\":\"https:\/\/artguixe.com\/es\/sobre-los-artistas-las-exposiciones-y-la-summer-exhibition\/\"},\"author\":{\"name\":\"Anna\",\"@id\":\"https:\/\/artguixe.com\/#\/schema\/person\/7109e2f040b6f8124264b41e2ebd5ca4\"},\"headline\":\"Sobre los artistas, las exposiciones y la Summer Exhibition\",\"datePublished\":\"2019-08-05T17:06:51+00:00\",\"dateModified\":\"2019-08-05T17:07:17+00:00\",\"mainEntityOfPage\":{\"@id\":\"https:\/\/artguixe.com\/es\/sobre-los-artistas-las-exposiciones-y-la-summer-exhibition\/\"},\"wordCount\":687,\"publisher\":{\"@id\":\"https:\/\/artguixe.com\/#organization\"},\"articleSection\":[\"Eventos\"],\"inLanguage\":\"es\"},{\"@type\":\"WebPage\",\"@id\":\"https:\/\/artguixe.com\/es\/sobre-los-artistas-las-exposiciones-y-la-summer-exhibition\/\",\"url\":\"https:\/\/artguixe.com\/es\/sobre-los-artistas-las-exposiciones-y-la-summer-exhibition\/\",\"name\":\"Sobre los artistas, las exposiciones y la Summer Exhibition - Art Guixe Barcelona Representants d&#039;Art\",\"isPartOf\":{\"@id\":\"https:\/\/artguixe.com\/#website\"},\"datePublished\":\"2019-08-05T17:06:51+00:00\",\"dateModified\":\"2019-08-05T17:07:17+00:00\",\"breadcrumb\":{\"@id\":\"https:\/\/artguixe.com\/es\/sobre-los-artistas-las-exposiciones-y-la-summer-exhibition\/#breadcrumb\"},\"inLanguage\":\"es\",\"potentialAction\":[{\"@type\":\"ReadAction\",\"target\":[\"https:\/\/artguixe.com\/es\/sobre-los-artistas-las-exposiciones-y-la-summer-exhibition\/\"]}]},{\"@type\":\"BreadcrumbList\",\"@id\":\"https:\/\/artguixe.com\/es\/sobre-los-artistas-las-exposiciones-y-la-summer-exhibition\/#breadcrumb\",\"itemListElement\":[{\"@type\":\"ListItem\",\"position\":1,\"name\":\"Inici\",\"item\":\"https:\/\/artguixe.com\/es\/\"},{\"@type\":\"ListItem\",\"position\":2,\"name\":\"Sobre los artistas, las exposiciones y la Summer Exhibition\"}]},{\"@type\":\"WebSite\",\"@id\":\"https:\/\/artguixe.com\/#website\",\"url\":\"https:\/\/artguixe.com\/\",\"name\":\"Art Guixe Barcelona Representants d&#039;Art\",\"description\":\"Pintura contempor\u00e0nia heterog\u00e8nia\",\"publisher\":{\"@id\":\"https:\/\/artguixe.com\/#organization\"},\"potentialAction\":[{\"@type\":\"SearchAction\",\"target\":{\"@type\":\"EntryPoint\",\"urlTemplate\":\"https:\/\/artguixe.com\/?s={search_term_string}\"},\"query-input\":{\"@type\":\"PropertyValueSpecification\",\"valueRequired\":true,\"valueName\":\"search_term_string\"}}],\"inLanguage\":\"es\"},{\"@type\":\"Organization\",\"@id\":\"https:\/\/artguixe.com\/#organization\",\"name\":\"Art Guix\u00e9\",\"url\":\"https:\/\/artguixe.com\/\",\"logo\":{\"@type\":\"ImageObject\",\"inLanguage\":\"es\",\"@id\":\"https:\/\/artguixe.com\/#\/schema\/logo\/image\/\",\"url\":\"https:\/\/artguixe.com\/wp-content\/uploads\/2017\/06\/Logo-ArtGixe2.png\",\"contentUrl\":\"https:\/\/artguixe.com\/wp-content\/uploads\/2017\/06\/Logo-ArtGixe2.png\",\"width\":241,\"height\":65,\"caption\":\"Art Guix\u00e9\"},\"image\":{\"@id\":\"https:\/\/artguixe.com\/#\/schema\/logo\/image\/\"}},{\"@type\":\"Person\",\"@id\":\"https:\/\/artguixe.com\/#\/schema\/person\/7109e2f040b6f8124264b41e2ebd5ca4\",\"name\":\"Anna\",\"image\":{\"@type\":\"ImageObject\",\"inLanguage\":\"es\",\"@id\":\"https:\/\/artguixe.com\/#\/schema\/person\/image\/\",\"url\":\"https:\/\/secure.gravatar.com\/avatar\/baf0c9452e312b4585a4bd6b7f9d774d8676b34688da90c5970ce11d65e729ca?s=96&d=mm&r=g\",\"contentUrl\":\"https:\/\/secure.gravatar.com\/avatar\/baf0c9452e312b4585a4bd6b7f9d774d8676b34688da90c5970ce11d65e729ca?s=96&d=mm&r=g\",\"caption\":\"Anna\"},\"url\":\"https:\/\/artguixe.com\"}]}<\/script>\n<!-- \/ Yoast SEO plugin. -->","yoast_head_json":{"title":"Sobre los artistas, las exposiciones y la Summer Exhibition - Art Guixe Barcelona Representants d&#039;Art","robots":{"index":"index","follow":"follow","max-snippet":"max-snippet:-1","max-image-preview":"max-image-preview:large","max-video-preview":"max-video-preview:-1"},"canonical":"https:\/\/artguixe.com\/es\/sobre-los-artistas-las-exposiciones-y-la-summer-exhibition\/","og_locale":"es_ES","og_type":"article","og_title":"Sobre los artistas, las exposiciones y la Summer Exhibition - Art Guixe Barcelona Representants d&#039;Art","og_url":"https:\/\/artguixe.com\/es\/sobre-los-artistas-las-exposiciones-y-la-summer-exhibition\/","og_site_name":"Art Guixe Barcelona Representants d&#039;Art","article_published_time":"2019-08-05T17:06:51+00:00","article_modified_time":"2019-08-05T17:07:17+00:00","author":"Anna","twitter_card":"summary_large_image","twitter_misc":{"Escrito por":"Anna","Tiempo de lectura":"3 minutos"},"schema":{"@context":"https:\/\/schema.org","@graph":[{"@type":"Article","@id":"https:\/\/artguixe.com\/es\/sobre-los-artistas-las-exposiciones-y-la-summer-exhibition\/#article","isPartOf":{"@id":"https:\/\/artguixe.com\/es\/sobre-los-artistas-las-exposiciones-y-la-summer-exhibition\/"},"author":{"name":"Anna","@id":"https:\/\/artguixe.com\/#\/schema\/person\/7109e2f040b6f8124264b41e2ebd5ca4"},"headline":"Sobre los artistas, las exposiciones y la Summer Exhibition","datePublished":"2019-08-05T17:06:51+00:00","dateModified":"2019-08-05T17:07:17+00:00","mainEntityOfPage":{"@id":"https:\/\/artguixe.com\/es\/sobre-los-artistas-las-exposiciones-y-la-summer-exhibition\/"},"wordCount":687,"publisher":{"@id":"https:\/\/artguixe.com\/#organization"},"articleSection":["Eventos"],"inLanguage":"es"},{"@type":"WebPage","@id":"https:\/\/artguixe.com\/es\/sobre-los-artistas-las-exposiciones-y-la-summer-exhibition\/","url":"https:\/\/artguixe.com\/es\/sobre-los-artistas-las-exposiciones-y-la-summer-exhibition\/","name":"Sobre los artistas, las exposiciones y la Summer Exhibition - Art Guixe Barcelona Representants d&#039;Art","isPartOf":{"@id":"https:\/\/artguixe.com\/#website"},"datePublished":"2019-08-05T17:06:51+00:00","dateModified":"2019-08-05T17:07:17+00:00","breadcrumb":{"@id":"https:\/\/artguixe.com\/es\/sobre-los-artistas-las-exposiciones-y-la-summer-exhibition\/#breadcrumb"},"inLanguage":"es","potentialAction":[{"@type":"ReadAction","target":["https:\/\/artguixe.com\/es\/sobre-los-artistas-las-exposiciones-y-la-summer-exhibition\/"]}]},{"@type":"BreadcrumbList","@id":"https:\/\/artguixe.com\/es\/sobre-los-artistas-las-exposiciones-y-la-summer-exhibition\/#breadcrumb","itemListElement":[{"@type":"ListItem","position":1,"name":"Inici","item":"https:\/\/artguixe.com\/es\/"},{"@type":"ListItem","position":2,"name":"Sobre los artistas, las exposiciones y la Summer Exhibition"}]},{"@type":"WebSite","@id":"https:\/\/artguixe.com\/#website","url":"https:\/\/artguixe.com\/","name":"Art Guixe Barcelona Representants d&#039;Art","description":"Pintura contempor\u00e0nia heterog\u00e8nia","publisher":{"@id":"https:\/\/artguixe.com\/#organization"},"potentialAction":[{"@type":"SearchAction","target":{"@type":"EntryPoint","urlTemplate":"https:\/\/artguixe.com\/?s={search_term_string}"},"query-input":{"@type":"PropertyValueSpecification","valueRequired":true,"valueName":"search_term_string"}}],"inLanguage":"es"},{"@type":"Organization","@id":"https:\/\/artguixe.com\/#organization","name":"Art Guix\u00e9","url":"https:\/\/artguixe.com\/","logo":{"@type":"ImageObject","inLanguage":"es","@id":"https:\/\/artguixe.com\/#\/schema\/logo\/image\/","url":"https:\/\/artguixe.com\/wp-content\/uploads\/2017\/06\/Logo-ArtGixe2.png","contentUrl":"https:\/\/artguixe.com\/wp-content\/uploads\/2017\/06\/Logo-ArtGixe2.png","width":241,"height":65,"caption":"Art Guix\u00e9"},"image":{"@id":"https:\/\/artguixe.com\/#\/schema\/logo\/image\/"}},{"@type":"Person","@id":"https:\/\/artguixe.com\/#\/schema\/person\/7109e2f040b6f8124264b41e2ebd5ca4","name":"Anna","image":{"@type":"ImageObject","inLanguage":"es","@id":"https:\/\/artguixe.com\/#\/schema\/person\/image\/","url":"https:\/\/secure.gravatar.com\/avatar\/baf0c9452e312b4585a4bd6b7f9d774d8676b34688da90c5970ce11d65e729ca?s=96&d=mm&r=g","contentUrl":"https:\/\/secure.gravatar.com\/avatar\/baf0c9452e312b4585a4bd6b7f9d774d8676b34688da90c5970ce11d65e729ca?s=96&d=mm&r=g","caption":"Anna"},"url":"https:\/\/artguixe.com"}]}},"_links":{"self":[{"href":"https:\/\/artguixe.com\/es\/wp-json\/wp\/v2\/posts\/2243","targetHints":{"allow":["GET"]}}],"collection":[{"href":"https:\/\/artguixe.com\/es\/wp-json\/wp\/v2\/posts"}],"about":[{"href":"https:\/\/artguixe.com\/es\/wp-json\/wp\/v2\/types\/post"}],"author":[{"embeddable":true,"href":"https:\/\/artguixe.com\/es\/wp-json\/wp\/v2\/users\/3"}],"replies":[{"embeddable":true,"href":"https:\/\/artguixe.com\/es\/wp-json\/wp\/v2\/comments?post=2243"}],"version-history":[{"count":4,"href":"https:\/\/artguixe.com\/es\/wp-json\/wp\/v2\/posts\/2243\/revisions"}],"predecessor-version":[{"id":2255,"href":"https:\/\/artguixe.com\/es\/wp-json\/wp\/v2\/posts\/2243\/revisions\/2255"}],"wp:attachment":[{"href":"https:\/\/artguixe.com\/es\/wp-json\/wp\/v2\/media?parent=2243"}],"wp:term":[{"taxonomy":"category","embeddable":true,"href":"https:\/\/artguixe.com\/es\/wp-json\/wp\/v2\/categories?post=2243"},{"taxonomy":"post_tag","embeddable":true,"href":"https:\/\/artguixe.com\/es\/wp-json\/wp\/v2\/tags?post=2243"}],"curies":[{"name":"wp","href":"https:\/\/api.w.org\/{rel}","templated":true}]}}